{"id":490,"date":"2010-05-14T05:49:25","date_gmt":"2010-05-14T04:49:25","guid":{"rendered":"http:\/\/news.amc-arzbach.de\/?p=490"},"modified":"2010-06-07T06:05:26","modified_gmt":"2010-06-07T05:05:26","slug":"der-5-meisterschaftslauf-startet-am-16052010-beim-ac-rubenach-ion-muhlheim-karlich","status":"publish","type":"post","link":"https:\/\/news.amc-arzbach.de\/?p=490","title":{"rendered":"5. Meisterschaftslauf beim AC R\u00fcbenach am 16.05.2010"},"content":{"rendered":"<p>Am 16.05.2010 fand in M\u00fclheim -K\u00e4rlich der 5. Meisterschaftslauf im Kart-Slalom statt.<br \/>\nAusrichter war der AC R\u00fcbenach.<\/p>\n<p>In der Klasse K1 konnten 2 Fahrer des AMC sich in den Top-Ten platzieren.\u00a0<br \/>\nLuca Fr\u00f6hlich wurde 8. und Jan Hoelke belegte den 9. Platz. Alexander Felten dagegen musste sich leider wegen zu vieler Pylonenfehler mit dem 23. Platz begn\u00fcgen.<\/p>\n<p>In der K2 gingen 8 Starter des AMC ins Rennen. Sieger wurde Silas Hofmann der mittlerweile 4 von 5 Meisterschafsl\u00e4ufen gewinnen konnte. Pierre Nermerich als 6. und Dominik Hoffmann als 9. verpassten jeweils eine noch bessere Platzierung aufgrund von je 2 Strafsekunden.<br \/>\nMarvin A\u00dfmann konnte mit 2 fehlerfreien L\u00e4ufen den 8. Platz belegen und komplettierte das AMC Quartett in den Top-Ten. Fast h\u00e4tten wir sogar 5 Fahrer unter den ersten 10 platzieren k\u00f6nnen.Nils Dworatzek erreichte mit 2 fehlerfreien L\u00e4ufen einen guten 11. Platz. Die weiteren Platzierungen: Robin-Maxim Teichler (18.) , Max Stahlhofen (23.) Felix Hagmaier (24.)<\/p>\n<p>Wir freuen uns das neben Matthias Bl\u00fcmle jetzt auch wieder Max Stahlhofen\u00a0 f\u00fcr den AMC im Einsatz ist. Beide waren aus gesundheitlichen Gr\u00fcnden l\u00e4ngere Zeit ausgefallen.<\/p>\n<p>In der K3 verpasste Jonas Kaminsky das Podest nur knapp und belegte einen tollen 4. Platz.<br \/>\nBei Matthias Bl\u00fcmle zeigt die Formkurve auch deutlich nach oben. Er konnte den 12. Platz bei 30 Startern einfahren.<\/p>\n<p>In der K 5 belegt Kristina Bl\u00fcmle den 32. Platz.<\/p>\n<p>\u00a0<a href=\"https:\/\/news.amc-arzbach.de\/wp-content\/uploads\/2010\/05\/k3_siegerehrung.jpg\" title=\"k3_siegerehrung.jpg\"><img decoding=\"async\" src=\"https:\/\/news.amc-arzbach.de\/wp-content\/uploads\/2010\/05\/k3_siegerehrung.jpg\" alt=\"k3_siegerehrung.jpg\" \/><\/a><br \/>\nSiegerehrung K3 mit Jonas Kaminsky<\/p>\n","protected":false},"excerpt":{"rendered":"<p>Am 16.05.2010 fand in M\u00fclheim -K\u00e4rlich der 5. Meisterschaftslauf im Kart-Slalom statt. Ausrichter war der AC R\u00fcbenach. In der Klasse K1 konnten 2 Fahrer des AMC sich in den Top-Ten platzieren.\u00a0 Luca Fr\u00f6hlich wurde 8. und Jan Hoelke belegte den 9. Platz. Alexander Felten dagegen musste sich leider wegen zu vieler Pylonenfehler mit dem 23. [&hellip;]<\/p>\n","protected":false},"author":11,"featured_media":0,"comment_status":"open","ping_status":"open","sticky":false,"template":"","format":"standard","meta":{"footnotes":""},"categories":[3],"tags":[],"class_list":["post-490","post","type-post","status-publish","format-standard","hentry","category-kartsport"],"_links":{"self":[{"href":"https:\/\/news.amc-arzbach.de\/index.php?rest_route=\/wp\/v2\/posts\/490","targetHints":{"allow":["GET"]}}],"collection":[{"href":"https:\/\/news.amc-arzbach.de\/index.php?rest_route=\/wp\/v2\/posts"}],"about":[{"href":"https:\/\/news.amc-arzbach.de\/index.php?rest_route=\/wp\/v2\/types\/post"}],"author":[{"embeddable":true,"href":"https:\/\/news.amc-arzbach.de\/index.php?rest_route=\/wp\/v2\/users\/11"}],"replies":[{"embeddable":true,"href":"https:\/\/news.amc-arzbach.de\/index.php?rest_route=%2Fwp%2Fv2%2Fcomments&post=490"}],"version-history":[{"count":0,"href":"https:\/\/news.amc-arzbach.de\/index.php?rest_route=\/wp\/v2\/posts\/490\/revisions"}],"wp:attachment":[{"href":"https:\/\/news.amc-arzbach.de\/index.php?rest_route=%2Fwp%2Fv2%2Fmedia&parent=490"}],"wp:term":[{"taxonomy":"category","embeddable":true,"href":"https:\/\/news.amc-arzbach.de\/index.php?rest_route=%2Fwp%2Fv2%2Fcategories&post=490"},{"taxonomy":"post_tag","embeddable":true,"href":"https:\/\/news.amc-arzbach.de\/index.php?rest_route=%2Fwp%2Fv2%2Ftags&post=490"}],"curies":[{"name":"wp","href":"https:\/\/api.w.org\/{rel}","templated":true}]}}