{"id":419,"date":"2009-11-15T10:20:09","date_gmt":"2009-11-15T09:20:09","guid":{"rendered":"http:\/\/news.amc-arzbach.de\/?p=419"},"modified":"2010-02-08T08:46:19","modified_gmt":"2010-02-08T07:46:19","slug":"1-lauf-zur-adac-winter-trophy-20092010","status":"publish","type":"post","link":"https:\/\/news.amc-arzbach.de\/?p=419","title":{"rendered":"1. Lauf zur ADAC Winter-Trophy 2009\/2010"},"content":{"rendered":"<p><font face=\"Times New Roman\"><strong><a href=\"https:\/\/news.amc-arzbach.de\/wp-content\/uploads\/2010\/02\/nils-dworatzek.jpg\" title=\"nils-dworatzek.jpg\"><img decoding=\"async\" src=\"https:\/\/news.amc-arzbach.de\/wp-content\/uploads\/2010\/02\/nils-dworatzek.jpg\" alt=\"nils-dworatzek.jpg\" \/><\/a><\/strong><\/font><\/p>\n<p><font face=\"Times New Roman\"><strong>Winter Trophy<\/strong> <\/font><\/p>\n<p><font face=\"Times New Roman\">Am 15.11.2009 fand das 1. von insgesamt 4. Rennl\u00e4ufen in Bad H\u00f6nningen statt. Der Besondere Reiz dieser Veranstaltung liegt darin, dass die Wertungsl\u00e4ufe in der Halle durchgef\u00fchrt werden. Dies ist eine willkommene Abwechslung f\u00fcr unsere Fahrer zur &#8222;Freiluftsaison&#8220;. <\/font><\/p>\n<p><font face=\"Times New Roman\">Schon bei der Veranstaltung 2008 \/ 2009 konnten unsere Fahrer \u00fcberzeugen. <\/font><\/p>\n<p><font face=\"Times New Roman\"><strong>Ergebinsse der K1<\/strong><\/font><\/p>\n<p><font face=\"Times New Roman\">Am Sonntag, den 15.11.09, konnten wir mit 4 Podestpl\u00e4tzen in den Klassen K1 &#8211; 3 mehr als zufrieden sein. <\/font><\/p>\n<p><font face=\"Times New Roman\">Unsere Jungs kn\u00fcpften an die Erfolge der vergangenen Saison nahtlos an. <\/font><\/p>\n<p><font face=\"Times New Roman\">In der K1 ging der AMC mit 4 Fahrern an den Start. Bei 25 Startern konnte Nils Dworatzek den 2. Platz einfahren. Felix Hagmaier mit dem 5. Platz, Marvin Assmann mit dem 7. Platz sowie Luca Fr\u00f6hlich mit dem 14. Platz rundeten das erfreuliche Ergebnis ab. H\u00e4tte Marvin sich nicht 4 Strafsekunden eingehandelt, w\u00e4re noch ein weiterer Podestplatz m\u00f6glich gewesen. <\/font><\/p>\n<p><font face=\"Times New Roman\"><strong>Ergebnisse der K2<\/strong><\/font><\/p>\n<p><font face=\"Times New Roman\">Das Ergebnis der K1 war zus\u00e4tzliche Motivation f\u00fcr unser Fahrer in der K 2. <\/font><\/p>\n<p><font face=\"Times New Roman\">In der K 2 startete der AMC ebenfalls mit 4. Fahrern. Hier konnten sich sogar 2 Fahrer auf den ersten 3 Pl\u00e4tzen platzieren! <\/font><\/p>\n<p><font face=\"Times New Roman\">Bei einem Starterfeld von 34 Teilnehmer wurde Silas Hofmann mit beachtlichem Vorsprung Sieger! <\/font><\/p>\n<p><font face=\"Times New Roman\">Pierre Nermerich konnte den 3. Platz, trotz angeschlagener Gesundheit, einfahren. <\/font><\/p>\n<p><font face=\"Times New Roman\">18. wurde Dominik Hoffmann den 4 Strafsekunden eine bessere Platzierung kosteten. <\/font><\/p>\n<p><font face=\"Times New Roman\">Mit dem 27. Platz bei 34. Startern konnte Max Stahlhofen einen erfolgreichen Einstand beim ersten Renneinsatz feiern &#8230;. <\/font><\/p>\n<p><font face=\"Times New Roman\"><strong>Ergebnisse der K3<\/strong><\/font><\/p>\n<p><font face=\"Times New Roman\">In der K 3 starteten 3 Fahrer des AMC. <\/font><\/p>\n<p><font face=\"Times New Roman\">Mit dem 2. Platz konnte Moritz Schwinghammer seine guten Saisonleistungen best\u00e4tigen. <\/font><\/p>\n<p><font face=\"Times New Roman\">Da die Zeitabst\u00e4nde doch recht gering waren, belegte Jonas Kaminsky mit 2 Strafsekunden den 9. Platz. <\/font><\/p>\n<p><font face=\"Times New Roman\">Ohne diese Zeitstrafe w\u00e4re eine Platzierung unter den ersten 3 m\u00f6glich gewesen. <\/font><\/p>\n<p><font face=\"Times New Roman\">Matthias Bl\u00fcmle belegte den 18. Platz. <\/font><\/p>\n","protected":false},"excerpt":{"rendered":"<p>Winter Trophy Am 15.11.2009 fand das 1. von insgesamt 4. Rennl\u00e4ufen in Bad H\u00f6nningen statt. Der Besondere Reiz dieser Veranstaltung liegt darin, dass die Wertungsl\u00e4ufe in der Halle durchgef\u00fchrt werden. Dies ist eine willkommene Abwechslung f\u00fcr unsere Fahrer zur &#8222;Freiluftsaison&#8220;. Schon bei der Veranstaltung 2008 \/ 2009 konnten unsere Fahrer \u00fcberzeugen. Ergebinsse der K1 Am [&hellip;]<\/p>\n","protected":false},"author":11,"featured_media":0,"comment_status":"open","ping_status":"open","sticky":false,"template":"","format":"standard","meta":{"footnotes":""},"categories":[3],"tags":[],"class_list":["post-419","post","type-post","status-publish","format-standard","hentry","category-kartsport"],"_links":{"self":[{"href":"https:\/\/news.amc-arzbach.de\/index.php?rest_route=\/wp\/v2\/posts\/419","targetHints":{"allow":["GET"]}}],"collection":[{"href":"https:\/\/news.amc-arzbach.de\/index.php?rest_route=\/wp\/v2\/posts"}],"about":[{"href":"https:\/\/news.amc-arzbach.de\/index.php?rest_route=\/wp\/v2\/types\/post"}],"author":[{"embeddable":true,"href":"https:\/\/news.amc-arzbach.de\/index.php?rest_route=\/wp\/v2\/users\/11"}],"replies":[{"embeddable":true,"href":"https:\/\/news.amc-arzbach.de\/index.php?rest_route=%2Fwp%2Fv2%2Fcomments&post=419"}],"version-history":[{"count":0,"href":"https:\/\/news.amc-arzbach.de\/index.php?rest_route=\/wp\/v2\/posts\/419\/revisions"}],"wp:attachment":[{"href":"https:\/\/news.amc-arzbach.de\/index.php?rest_route=%2Fwp%2Fv2%2Fmedia&parent=419"}],"wp:term":[{"taxonomy":"category","embeddable":true,"href":"https:\/\/news.amc-arzbach.de\/index.php?rest_route=%2Fwp%2Fv2%2Fcategories&post=419"},{"taxonomy":"post_tag","embeddable":true,"href":"https:\/\/news.amc-arzbach.de\/index.php?rest_route=%2Fwp%2Fv2%2Ftags&post=419"}],"curies":[{"name":"wp","href":"https:\/\/api.w.org\/{rel}","templated":true}]}}