{"id":349,"date":"2009-01-25T12:39:32","date_gmt":"2009-01-25T11:39:32","guid":{"rendered":"http:\/\/news.amc-arzbach.de\/?p=349"},"modified":"2009-01-25T12:39:32","modified_gmt":"2009-01-25T11:39:32","slug":"7-februar-taunus-rallye","status":"publish","type":"post","link":"https:\/\/news.amc-arzbach.de\/?p=349","title":{"rendered":"7. Februar &#8211; Taunus-Rallye"},"content":{"rendered":"<p>Zwei Teams mit &#8222;AMC&#8220; &#8211; Beteiligung sind in Weilrod\/Riedelbach am Start. Thomas Fuchs wird auf dem Beifahrersitz neben Florian Niegel Platz nehmen. Tanja Neidh\u00f6fer wird mit Rudi Hachenberg unterwegs sein. Beide Teams sind mit einem Mitsubishi EVO unterwegs. Das sehr hochkar\u00e4tige Starterfeld l\u00e4sst eine sehr spannende Rallye erwarten.<\/p>\n","protected":false},"excerpt":{"rendered":"<p>Zwei Teams mit &#8222;AMC&#8220; &#8211; Beteiligung sind in Weilrod\/Riedelbach am Start. Thomas Fuchs wird auf dem Beifahrersitz neben Florian Niegel Platz nehmen. Tanja Neidh\u00f6fer wird mit Rudi Hachenberg unterwegs sein. Beide Teams sind mit einem Mitsubishi EVO unterwegs. Das sehr hochkar\u00e4tige Starterfeld l\u00e4sst eine sehr spannende Rallye erwarten.<\/p>\n","protected":false},"author":1,"featured_media":0,"comment_status":"open","ping_status":"open","sticky":false,"template":"","format":"standard","meta":{"footnotes":""},"categories":[2],"tags":[],"class_list":["post-349","post","type-post","status-publish","format-standard","hentry","category-rallye"],"_links":{"self":[{"href":"https:\/\/news.amc-arzbach.de\/index.php?rest_route=\/wp\/v2\/posts\/349","targetHints":{"allow":["GET"]}}],"collection":[{"href":"https:\/\/news.amc-arzbach.de\/index.php?rest_route=\/wp\/v2\/posts"}],"about":[{"href":"https:\/\/news.amc-arzbach.de\/index.php?rest_route=\/wp\/v2\/types\/post"}],"author":[{"embeddable":true,"href":"https:\/\/news.amc-arzbach.de\/index.php?rest_route=\/wp\/v2\/users\/1"}],"replies":[{"embeddable":true,"href":"https:\/\/news.amc-arzbach.de\/index.php?rest_route=%2Fwp%2Fv2%2Fcomments&post=349"}],"version-history":[{"count":0,"href":"https:\/\/news.amc-arzbach.de\/index.php?rest_route=\/wp\/v2\/posts\/349\/revisions"}],"wp:attachment":[{"href":"https:\/\/news.amc-arzbach.de\/index.php?rest_route=%2Fwp%2Fv2%2Fmedia&parent=349"}],"wp:term":[{"taxonomy":"category","embeddable":true,"href":"https:\/\/news.amc-arzbach.de\/index.php?rest_route=%2Fwp%2Fv2%2Fcategories&post=349"},{"taxonomy":"post_tag","embeddable":true,"href":"https:\/\/news.amc-arzbach.de\/index.php?rest_route=%2Fwp%2Fv2%2Ftags&post=349"}],"curies":[{"name":"wp","href":"https:\/\/api.w.org\/{rel}","templated":true}]}}