{"id":346,"date":"2009-01-25T11:30:22","date_gmt":"2009-01-25T10:30:22","guid":{"rendered":"http:\/\/news.amc-arzbach.de\/?p=346"},"modified":"2009-01-25T11:31:45","modified_gmt":"2009-01-25T10:31:45","slug":"jahreshauptversammlung-2009","status":"publish","type":"post","link":"https:\/\/news.amc-arzbach.de\/?p=346","title":{"rendered":"Jahreshauptversammlung 2009"},"content":{"rendered":"<p>Am Freitag fand die diesj\u00e4hrige Jahreshauptversammlung im Gasthaus Wiesengrund in Arzbach statt.\u00a0 Wir konnten auf ein erfolgreiches Jahr 2008 zur\u00fcckblicken. Von 27 wahlberechtigten Mitgliedern wurde der Vorstand wie folgt gew\u00e4hlt:<\/p>\n<p align=\"center\">1. Vorsitzender: Lothar Diel<br \/>\n2. Vorsitzender: Carsten Gerharz<br \/>\nSchatzmeister: Michael Specht<br \/>\nSchriftf\u00fchrer: Ralf Stahlhofen<br \/>\nSportleiter: Burkhard Fries<br \/>\n1. Beisitzer: Thomas Oswald<br \/>\n2. Beisitzer: Christoph Nermerich<br \/>\nPressewart: G\u00fcnther Hofmann<br \/>\nKassenpr\u00fcfer: Hans-J\u00fcrgen und DanielCrecelius<br \/>\nSportwart Kart: Arnd Schwinghammer<br \/>\nSportwart Rallye: Hans-Peter Gerharz<br \/>\nSportwart Truck: R\u00fcdiger Gerharz<br \/>\nJugendwart: Hagen Fries\n<\/p>\n<p align=\"center\"><a href=\"https:\/\/news.amc-arzbach.de\/wp-content\/uploads\/2009\/01\/jhv_2009.jpg\" title=\"Jahreshauptversammlung 2009\"><img decoding=\"async\" src=\"https:\/\/news.amc-arzbach.de\/wp-content\/uploads\/2009\/01\/jhv_2009.jpg\" alt=\"Jahreshauptversammlung 2009\" \/><\/a><\/p>\n<p align=\"center\"><a href=\"https:\/\/news.amc-arzbach.de\/wp-content\/uploads\/2009\/01\/jhv_2009_2.jpg\" title=\"Jahreshauptversammlung 2009\"><img decoding=\"async\" src=\"https:\/\/news.amc-arzbach.de\/wp-content\/uploads\/2009\/01\/jhv_2009_2.jpg\" alt=\"Jahreshauptversammlung 2009\" \/><\/a><\/p>\n<p align=\"center\"><a href=\"http:\/\/www.amc-arzbach.de\">zur\u00fcck zur website <\/a><\/p>\n","protected":false},"excerpt":{"rendered":"<p>Am Freitag fand die diesj\u00e4hrige Jahreshauptversammlung im Gasthaus Wiesengrund in Arzbach statt.\u00a0 Wir konnten auf ein erfolgreiches Jahr 2008 zur\u00fcckblicken. Von 27 wahlberechtigten Mitgliedern wurde der Vorstand wie folgt gew\u00e4hlt: 1. Vorsitzender: Lothar Diel 2. Vorsitzender: Carsten Gerharz Schatzmeister: Michael Specht Schriftf\u00fchrer: Ralf Stahlhofen Sportleiter: Burkhard Fries 1. Beisitzer: Thomas Oswald 2. Beisitzer: Christoph Nermerich [&hellip;]<\/p>\n","protected":false},"author":1,"featured_media":0,"comment_status":"open","ping_status":"open","sticky":false,"template":"","format":"standard","meta":{"footnotes":""},"categories":[4],"tags":[],"class_list":["post-346","post","type-post","status-publish","format-standard","hentry","category-amc-intern"],"_links":{"self":[{"href":"https:\/\/news.amc-arzbach.de\/index.php?rest_route=\/wp\/v2\/posts\/346","targetHints":{"allow":["GET"]}}],"collection":[{"href":"https:\/\/news.amc-arzbach.de\/index.php?rest_route=\/wp\/v2\/posts"}],"about":[{"href":"https:\/\/news.amc-arzbach.de\/index.php?rest_route=\/wp\/v2\/types\/post"}],"author":[{"embeddable":true,"href":"https:\/\/news.amc-arzbach.de\/index.php?rest_route=\/wp\/v2\/users\/1"}],"replies":[{"embeddable":true,"href":"https:\/\/news.amc-arzbach.de\/index.php?rest_route=%2Fwp%2Fv2%2Fcomments&post=346"}],"version-history":[{"count":0,"href":"https:\/\/news.amc-arzbach.de\/index.php?rest_route=\/wp\/v2\/posts\/346\/revisions"}],"wp:attachment":[{"href":"https:\/\/news.amc-arzbach.de\/index.php?rest_route=%2Fwp%2Fv2%2Fmedia&parent=346"}],"wp:term":[{"taxonomy":"category","embeddable":true,"href":"https:\/\/news.amc-arzbach.de\/index.php?rest_route=%2Fwp%2Fv2%2Fcategories&post=346"},{"taxonomy":"post_tag","embeddable":true,"href":"https:\/\/news.amc-arzbach.de\/index.php?rest_route=%2Fwp%2Fv2%2Ftags&post=346"}],"curies":[{"name":"wp","href":"https:\/\/api.w.org\/{rel}","templated":true}]}}