{"id":227,"date":"2008-04-06T12:32:03","date_gmt":"2008-04-06T11:32:03","guid":{"rendered":"http:\/\/news.amc-arzbach.de\/?p=227"},"modified":"2008-04-06T12:33:05","modified_gmt":"2008-04-06T11:33:05","slug":"saisonstart-in-der-ferne","status":"publish","type":"post","link":"https:\/\/news.amc-arzbach.de\/?p=227","title":{"rendered":"Saisonstart in der Ferne &#8211; Rallye Mexiko"},"content":{"rendered":"<p>Bericht von Michael K\u00f6lbach<\/p>\n<p>Mein Saisonauftakt mit Aaron f\u00fcr 2008 begann im fernen Mexiko. Da noch keiner von uns in Mexiko war, waren die Erwartungen dementsprechend. Neue Strecken und dazu noch in gro\u00dfer H\u00f6he, bedeuteten f\u00fcr Mensch und Material spezielle Herausforderungen. Nach kurzen Test\u00b4s am Sonntag und Montag ging es wie \u00fcblich am Dienstag mit dem Training los. Au\u00dfer 2 platten Reifen an unserem Trainingsauto hatten wir beim Besichtigen keine Probleme. Am Donnerstag waren dann der \u00fcbliche Test am Morgen und abends der Showstart. Doch so viele Menschen beim Ceremonielstart wie hier habe ich auch noch nicht gesehen, das war sicher ein Erlebnis was man so schnell nicht vergisst.<br \/>\nDie Rallye verlief anfangs ohne gro\u00dfe Probleme und wir beendeten den ersten Tag auf dem 4. Platz. Am Samstag ging es auch normal weiter, bis auf einmal in WP 14 die Fahrert\u00fcr aufging und wir mussten 13 Kilometer mit offener T\u00fcr fahren. Da mussten wir nat\u00fcrlich etwas Speed rausnehmen, da wir ohne T\u00fcr vermutlich h\u00e4tten aufh\u00f6ren m\u00fcssen und au\u00dferdem  hatten wir auch eine extreme Staubentwicklung im Auto. Nachdem wir die Sonderpr\u00fcfung \u00fcberstanden hatten und der Staub mit etwas Wasser runtergesp\u00fclt war, mussten wir nur  noch die T\u00fcr etwas zurechtformen, damit sie wieder zu ging und wir sie mit Hilfe von Kabelbindern und Tape fixieren konnten.  Trotz dieses Zwischenfalles konnten wir unseren 4. Platz verteidigen und wir gingen zuversichtlich am Sonntagmorgen an den Restart. Das einzig bedauerliche an diesem Tag war, das die WP18 wegen zu vielen Zuschauern abgesagt werden musste, ansonsten lief das Auto problemlos und wir haben festgestellt, das wir an unserem Speed auf Schotter noch ein bisschen arbeiten m\u00fcssen. Aber daran wird gearbeitet und bis Sardinien ist ja auch noch Zeit.<\/p>\n<p><a href=\"https:\/\/news.amc-arzbach.de\/wp-content\/uploads\/2008\/04\/mexico.jpg\" title=\"Rallye Mexiko 2008 - Burkart\/K\u00f6lbach\"><img decoding=\"async\" src=\"https:\/\/news.amc-arzbach.de\/wp-content\/uploads\/2008\/04\/mexico.jpg\" alt=\"Rallye Mexiko 2008 - Burkart\/K\u00f6lbach\" \/><\/a><\/p>\n<p><a href=\"https:\/\/news.amc-arzbach.de\/wp-content\/uploads\/2008\/04\/mexico-2.jpg\" title=\"Rallye Mexiko 2008 - Burkart\/K\u00f6lbach\"><img decoding=\"async\" src=\"https:\/\/news.amc-arzbach.de\/wp-content\/uploads\/2008\/04\/mexico-2.jpg\" alt=\"Rallye Mexiko 2008 - Burkart\/K\u00f6lbach\" \/><\/a><\/p>\n<p><a href=\"http:\/\/www.amc-arzbach.de\">zur\u00fcck zur website<\/a><\/p>\n","protected":false},"excerpt":{"rendered":"<p>Bericht von Michael K\u00f6lbach Mein Saisonauftakt mit Aaron f\u00fcr 2008 begann im fernen Mexiko. Da noch keiner von uns in Mexiko war, waren die Erwartungen dementsprechend. Neue Strecken und dazu noch in gro\u00dfer H\u00f6he, bedeuteten f\u00fcr Mensch und Material spezielle Herausforderungen. Nach kurzen Test\u00b4s am Sonntag und Montag ging es wie \u00fcblich am Dienstag mit [&hellip;]<\/p>\n","protected":false},"author":1,"featured_media":0,"comment_status":"open","ping_status":"open","sticky":false,"template":"","format":"standard","meta":{"footnotes":""},"categories":[2],"tags":[],"class_list":["post-227","post","type-post","status-publish","format-standard","hentry","category-rallye"],"_links":{"self":[{"href":"https:\/\/news.amc-arzbach.de\/index.php?rest_route=\/wp\/v2\/posts\/227","targetHints":{"allow":["GET"]}}],"collection":[{"href":"https:\/\/news.amc-arzbach.de\/index.php?rest_route=\/wp\/v2\/posts"}],"about":[{"href":"https:\/\/news.amc-arzbach.de\/index.php?rest_route=\/wp\/v2\/types\/post"}],"author":[{"embeddable":true,"href":"https:\/\/news.amc-arzbach.de\/index.php?rest_route=\/wp\/v2\/users\/1"}],"replies":[{"embeddable":true,"href":"https:\/\/news.amc-arzbach.de\/index.php?rest_route=%2Fwp%2Fv2%2Fcomments&post=227"}],"version-history":[{"count":0,"href":"https:\/\/news.amc-arzbach.de\/index.php?rest_route=\/wp\/v2\/posts\/227\/revisions"}],"wp:attachment":[{"href":"https:\/\/news.amc-arzbach.de\/index.php?rest_route=%2Fwp%2Fv2%2Fmedia&parent=227"}],"wp:term":[{"taxonomy":"category","embeddable":true,"href":"https:\/\/news.amc-arzbach.de\/index.php?rest_route=%2Fwp%2Fv2%2Fcategories&post=227"},{"taxonomy":"post_tag","embeddable":true,"href":"https:\/\/news.amc-arzbach.de\/index.php?rest_route=%2Fwp%2Fv2%2Ftags&post=227"}],"curies":[{"name":"wp","href":"https:\/\/api.w.org\/{rel}","templated":true}]}}