{"id":120,"date":"2007-06-22T20:35:08","date_gmt":"2007-06-22T19:35:08","guid":{"rendered":"http:\/\/news.amc-arzbach.de\/?p=120"},"modified":"2007-06-22T20:35:08","modified_gmt":"2007-06-22T19:35:08","slug":"tanja-neidhofer-in-der-deutschen-rallye-meisterschaft","status":"publish","type":"post","link":"https:\/\/news.amc-arzbach.de\/?p=120","title":{"rendered":"Tanja Neidh\u00f6fer in der Deutschen Rallye-Meisterschaft"},"content":{"rendered":"<p>Wichtige Punkte im Saarland gesichert<\/p>\n<p>Elz: Rudi Hachenberg und seine Elzer Co-Pilotin Tanja Neidh\u00f6fer waren zufrieden auf der Zielrampe in Dillingen: Beim dritten Lauf zur DRM, der ADAC Saarland-Rallye belegten sie den achten Platz. Damit konnten sie ihr Punktekonto wieder aufbessern, das nach dem sensationellen vierten Platz beim Auftakt in Hessen zwar gut gef\u00fcllt, aber nach der Nullnummer in Sachsen durch g\u00e4hnende Leere gl\u00e4nzte. Kurzer R\u00fcckblick: Obwohl die Rallye rund um Zwickau f\u00fcr den 22-j\u00e4hrigen Youngster und auch f\u00fcr seine routinierte Co-Pilotin absolutes Neuland waren, lagen sie bis kurz vor Schluss auf dem achten Platz. Sie rutschten mit ihrem Mitsubishi Lancer dann jedoch von der Strecke und mussten aufgeben. Deshalb war f\u00fcr die Meisterschaftsrunde im Saarland die Zielankunft oberstes Gebot. Im Lancer der Neuwieder Tuningschmiede von F\u00e4rber Motorsport spulten sie die schnellen Asphaltpr\u00fcfungen wie ein Uhrwerk ab. Dennoch war Rudi Hachenberg nicht ganz zufrieden und bemerkte selbstkritisch, &#8222;die Platzierung ist bei der Leistungsdichte absolut in Ordnung, nur der Zeitabstand ist noch zu gro\u00df.&#8220; Eine plausible Erkl\u00e4rung konnte auch Tanja Neidh\u00f6fer nicht geben, &#8222;Rudi fuhr ohne Fehler. In einigen Passagen stimmte unser Aufschrieb nicht ganz optimal, und jeder Tick, den du fr\u00fcher bremst kostet dann direkt wichtige Sekunden. Und bei der extremen Leistungsdichte kommst du einfach nicht mehr ran.&#8220; Wie dicht die Spitze der DRM zusammen liegt, zeigte sich wieder im Saarland. Sieger Sandro Wallenwein lag im Subaru Impreza nach zwei Rallye-Tagen und einer Gesamtfahrzeit von fast 1,5 Stunden gerade mal 2,2 Sekunden vor dem zweitplatzierten Hermann Gassner im Mitsubishi Lancer. Und der Dritte Peter Corazza lag nur 5,9 Sekunden zur\u00fcck. Vielleicht war der Youngster auch noch mit einigen Gedanken bei seiner Schulausbildung. Am Montag vor dem Start schaffte er die letzte Pr\u00fcfung f\u00fcr sein Fach-Abitur.<br \/>\nJetzt kommen zwei Lieblingsrallyes von Tanja Neidh\u00f6fer. Die n\u00e4chste DRM-Runde findet im Rahmen des Weltmeisterschaftslaufes bei der ADAC Rallye Deutschland (16.-19.08.) rund um Trier statt. Zur Vorbereitung nehmen Hachenberg\/Neidh\u00f6fer an der ADAC Eifel Rallye (12.-14.07.) rund um Daun teil.<br \/>\n&#8222;Die Wertungspr\u00fcfungen in der Eifel sind extrem anspruchsvoll, eine gute Gelegenheit, uns auf den WM-Lauf vorzubereiten,&#8220; freut sich Tanja Neidh\u00f6fer auf beide Veranstaltungen &#8211; und die Eifel ist ja so etwas wie ihr Heimspiel.<\/p>\n<p><img decoding=\"async\" alt=\"saar07-hachenberg-rbh_6685.jpg\" id=\"image119\" src=\"https:\/\/news.amc-arzbach.de\/wp-content\/uploads\/2007\/06\/saar07-hachenberg-rbh_6685.jpg\" \/><br \/>\nErfolgreich in der Deutschen Rallye-Meisterschaft: Rudi Hachenberg und seine Elzer Co-Pilotin Tanja Neidh\u00f6fer im Mitsubishi Lancer<\/p>\n<p><a href=\"http:\/\/www.amc-arzbach.de\">zur\u00fcck zur website\u00a0<\/a><\/p>\n","protected":false},"excerpt":{"rendered":"<p>Wichtige Punkte im Saarland gesichert Elz: Rudi Hachenberg und seine Elzer Co-Pilotin Tanja Neidh\u00f6fer waren zufrieden auf der Zielrampe in Dillingen: Beim dritten Lauf zur DRM, der ADAC Saarland-Rallye belegten sie den achten Platz. Damit konnten sie ihr Punktekonto wieder aufbessern, das nach dem sensationellen vierten Platz beim Auftakt in Hessen zwar gut gef\u00fcllt, aber [&hellip;]<\/p>\n","protected":false},"author":1,"featured_media":0,"comment_status":"open","ping_status":"open","sticky":false,"template":"","format":"standard","meta":{"footnotes":""},"categories":[2],"tags":[],"class_list":["post-120","post","type-post","status-publish","format-standard","hentry","category-rallye"],"_links":{"self":[{"href":"https:\/\/news.amc-arzbach.de\/index.php?rest_route=\/wp\/v2\/posts\/120","targetHints":{"allow":["GET"]}}],"collection":[{"href":"https:\/\/news.amc-arzbach.de\/index.php?rest_route=\/wp\/v2\/posts"}],"about":[{"href":"https:\/\/news.amc-arzbach.de\/index.php?rest_route=\/wp\/v2\/types\/post"}],"author":[{"embeddable":true,"href":"https:\/\/news.amc-arzbach.de\/index.php?rest_route=\/wp\/v2\/users\/1"}],"replies":[{"embeddable":true,"href":"https:\/\/news.amc-arzbach.de\/index.php?rest_route=%2Fwp%2Fv2%2Fcomments&post=120"}],"version-history":[{"count":0,"href":"https:\/\/news.amc-arzbach.de\/index.php?rest_route=\/wp\/v2\/posts\/120\/revisions"}],"wp:attachment":[{"href":"https:\/\/news.amc-arzbach.de\/index.php?rest_route=%2Fwp%2Fv2%2Fmedia&parent=120"}],"wp:term":[{"taxonomy":"category","embeddable":true,"href":"https:\/\/news.amc-arzbach.de\/index.php?rest_route=%2Fwp%2Fv2%2Fcategories&post=120"},{"taxonomy":"post_tag","embeddable":true,"href":"https:\/\/news.amc-arzbach.de\/index.php?rest_route=%2Fwp%2Fv2%2Ftags&post=120"}],"curies":[{"name":"wp","href":"https:\/\/api.w.org\/{rel}","templated":true}]}}